{"id":1,"date":"2014-12-20T00:00:01","date_gmt":"2014-12-20T00:00:01","guid":{"rendered":"http:\/\/photography.scheiker.de\/?p=1"},"modified":"2015-01-02T18:50:52","modified_gmt":"2015-01-02T16:50:52","slug":"hallo-welt","status":"publish","type":"post","link":"https:\/\/photography.scheiker.de\/?p=1","title":{"rendered":"Warum nicht nur bloggen?"},"content":{"rendered":"<p>Da <a title=\"Mein Blog\" href=\"http:\/\/blog.scheiker.de\" target=\"_blank\">blogge<\/a> ich schon eine ganze Weile und bin damit auch sehr gl\u00fccklich. Eigentlich habe ich da ja eine ordentliche Plattform um als Fotograf meine Bilder zu zeigen und Werbung in eigener Sache zu machen. Wie es aber so einmal ist im Leben, alles unterliegt einem Wandel und die Dinge \u00e4ndern sich. In Zukunft m\u00f6chte ich meine Bilder mehr hier zeigen um auf meiner anderen Seite freier agieren zu k\u00f6nnen. Nat\u00fcrlich werde ich auch weiter Bilder in meinen <a title=\"Mein Blog\" href=\"http:\/\/blog.scheiker.de\" target=\"_blank\">Blog<\/a> packen aber ich m\u00f6chte dort eben auch fotografische Themen anfassen, die nichts mit der Pr\u00e4sentation meiner Bilder zu tun haben. Deswegen habe ich mich f\u00fcr diese Trennung entschieden und die zweite Seite ins Leben gerufen. Wie hat es Forrest Gump schon so treffend formuliert? &#8222;Das Leben ist wie eine Schachtel Pralinen &#8211; man wei\u00df nie was man kriegt.&#8220;<\/p>\n<p>In diesem Sinne w\u00fcnsche ich euch allen einen guten Start ins neue Jahr und bleibt vor allem gesund.<\/p>\n<p>Euer Tom<\/p>\n<p>&nbsp;<\/p>\n","protected":false},"excerpt":{"rendered":"<p>Da blogge ich schon eine ganze Weile und bin damit auch sehr gl\u00fccklich. Eigentlich habe ich da ja eine ordentliche Plattform um als Fotograf meine Bilder zu zeigen und Werbung in eigener Sache zu machen. Wie es aber so einmal ist im Leben, alles unterliegt [&hellip;]<\/p>\n","protected":false},"author":1,"featured_media":66,"comment_status":"open","ping_status":"open","sticky":false,"template":"","format":"standard","meta":{"footnotes":""},"categories":[1,11],"tags":[12],"class_list":["post-1","post","type-post","status-publish","format-standard","has-post-thumbnail","hentry","category-allgemein","category-blog","tag-blog"],"_links":{"self":[{"href":"https:\/\/photography.scheiker.de\/index.php?rest_route=\/wp\/v2\/posts\/1","targetHints":{"allow":["GET"]}}],"collection":[{"href":"https:\/\/photography.scheiker.de\/index.php?rest_route=\/wp\/v2\/posts"}],"about":[{"href":"https:\/\/photography.scheiker.de\/index.php?rest_route=\/wp\/v2\/types\/post"}],"author":[{"embeddable":true,"href":"https:\/\/photography.scheiker.de\/index.php?rest_route=\/wp\/v2\/users\/1"}],"replies":[{"embeddable":true,"href":"https:\/\/photography.scheiker.de\/index.php?rest_route=%2Fwp%2Fv2%2Fcomments&post=1"}],"version-history":[{"count":12,"href":"https:\/\/photography.scheiker.de\/index.php?rest_route=\/wp\/v2\/posts\/1\/revisions"}],"predecessor-version":[{"id":138,"href":"https:\/\/photography.scheiker.de\/index.php?rest_route=\/wp\/v2\/posts\/1\/revisions\/138"}],"wp:featuredmedia":[{"embeddable":true,"href":"https:\/\/photography.scheiker.de\/index.php?rest_route=\/wp\/v2\/media\/66"}],"wp:attachment":[{"href":"https:\/\/photography.scheiker.de\/index.php?rest_route=%2Fwp%2Fv2%2Fmedia&parent=1"}],"wp:term":[{"taxonomy":"category","embeddable":true,"href":"https:\/\/photography.scheiker.de\/index.php?rest_route=%2Fwp%2Fv2%2Fcategories&post=1"},{"taxonomy":"post_tag","embeddable":true,"href":"https:\/\/photography.scheiker.de\/index.php?rest_route=%2Fwp%2Fv2%2Ftags&post=1"}],"curies":[{"name":"wp","href":"https:\/\/api.w.org\/{rel}","templated":true}]}}