{"id":324,"date":"2018-01-08T12:57:49","date_gmt":"2018-01-08T10:57:49","guid":{"rendered":"http:\/\/photography.scheiker.de\/?p=324"},"modified":"2023-01-05T09:19:08","modified_gmt":"2023-01-05T07:19:08","slug":"hochzeitsreportage-in-oberbayern-am-schoenen-tegernsee","status":"publish","type":"post","link":"https:\/\/photography.scheiker.de\/?p=324","title":{"rendered":"Hochzeitsreportage in Oberbayern am sch\u00f6nen Tegernsee"},"content":{"rendered":"<p>Als Hochzeitsfotograf zu arbeiten ist nicht jedermanns Ding. Aber es ist schon ziemlich cool mit lauter netten Menschen an noch netteren Locations unterwegs zu sein. So war es dann auch am wundersch\u00f6nen Tegernsee, wo ich eine Hochzeitsreportage fotografieren durfte. Wenn der See etwas w\u00e4rmer gewesen w\u00e4re, h\u00e4tte ich die beiden beim after wedding shoot gerne in den See gestellt. Leider war es daf\u00fcr aber zu kalt. Aber es war\u00a0auch so\u00a0einfach nur toll mit den beiden \ud83d\ude42<\/p>\n<div id='gallery-1' class='gallery galleryid-324 gallery-columns-3 gallery-size-thumbnail'><dl class='gallery-item'>\n\t\t\t<dt class='gallery-icon portrait'>\n\t\t\t\t<a href='https:\/\/photography.scheiker.de\/?attachment_id=586'><img loading=\"lazy\" decoding=\"async\" width=\"250\" height=\"250\" src=\"https:\/\/photography.scheiker.de\/wp-content\/uploads\/2018\/05\/20150523TSPD_1_File_007-Bearbeitet-250x250.jpg\" class=\"attachment-thumbnail size-thumbnail\" alt=\"\" srcset=\"https:\/\/photography.scheiker.de\/wp-content\/uploads\/2018\/05\/20150523TSPD_1_File_007-Bearbeitet-250x250.jpg 250w, https:\/\/photography.scheiker.de\/wp-content\/uploads\/2018\/05\/20150523TSPD_1_File_007-Bearbeitet-300x300.jpg 300w, https:\/\/photography.scheiker.de\/wp-content\/uploads\/2018\/05\/20150523TSPD_1_File_007-Bearbeitet-100x100.jpg 100w\" sizes=\"auto, (max-width: 250px) 100vw, 250px\" \/><\/a>\n\t\t\t<\/dt><\/dl><dl class='gallery-item'>\n\t\t\t<dt class='gallery-icon landscape'>\n\t\t\t\t<a href='https:\/\/photography.scheiker.de\/?attachment_id=590'><img loading=\"lazy\" decoding=\"async\" width=\"250\" height=\"250\" src=\"https:\/\/photography.scheiker.de\/wp-content\/uploads\/2018\/05\/20150523TSPD_1_File_003-Bearbeitet-250x250.jpg\" class=\"attachment-thumbnail size-thumbnail\" alt=\"\" srcset=\"https:\/\/photography.scheiker.de\/wp-content\/uploads\/2018\/05\/20150523TSPD_1_File_003-Bearbeitet-250x250.jpg 250w, https:\/\/photography.scheiker.de\/wp-content\/uploads\/2018\/05\/20150523TSPD_1_File_003-Bearbeitet-300x300.jpg 300w, https:\/\/photography.scheiker.de\/wp-content\/uploads\/2018\/05\/20150523TSPD_1_File_003-Bearbeitet-100x100.jpg 100w\" sizes=\"auto, (max-width: 250px) 100vw, 250px\" \/><\/a>\n\t\t\t<\/dt><\/dl><dl class='gallery-item'>\n\t\t\t<dt class='gallery-icon landscape'>\n\t\t\t\t<a href='https:\/\/photography.scheiker.de\/?attachment_id=596'><img loading=\"lazy\" decoding=\"async\" width=\"250\" height=\"250\" src=\"https:\/\/photography.scheiker.de\/wp-content\/uploads\/2018\/05\/20150523TSPD_3_File_003-250x250.jpg\" class=\"attachment-thumbnail size-thumbnail\" alt=\"\" srcset=\"https:\/\/photography.scheiker.de\/wp-content\/uploads\/2018\/05\/20150523TSPD_3_File_003-250x250.jpg 250w, https:\/\/photography.scheiker.de\/wp-content\/uploads\/2018\/05\/20150523TSPD_3_File_003-300x300.jpg 300w, https:\/\/photography.scheiker.de\/wp-content\/uploads\/2018\/05\/20150523TSPD_3_File_003-100x100.jpg 100w\" sizes=\"auto, (max-width: 250px) 100vw, 250px\" \/><\/a>\n\t\t\t<\/dt><\/dl><br style=\"clear: both\" \/><dl class='gallery-item'>\n\t\t\t<dt class='gallery-icon landscape'>\n\t\t\t\t<a href='https:\/\/photography.scheiker.de\/?attachment_id=594'><img loading=\"lazy\" decoding=\"async\" width=\"250\" height=\"250\" src=\"https:\/\/photography.scheiker.de\/wp-content\/uploads\/2018\/05\/20150523TSPD_4_File_002-250x250.jpg\" class=\"attachment-thumbnail size-thumbnail\" alt=\"\" srcset=\"https:\/\/photography.scheiker.de\/wp-content\/uploads\/2018\/05\/20150523TSPD_4_File_002-250x250.jpg 250w, https:\/\/photography.scheiker.de\/wp-content\/uploads\/2018\/05\/20150523TSPD_4_File_002-300x300.jpg 300w, https:\/\/photography.scheiker.de\/wp-content\/uploads\/2018\/05\/20150523TSPD_4_File_002-100x100.jpg 100w\" sizes=\"auto, (max-width: 250px) 100vw, 250px\" \/><\/a>\n\t\t\t<\/dt><\/dl><dl class='gallery-item'>\n\t\t\t<dt class='gallery-icon portrait'>\n\t\t\t\t<a href='https:\/\/photography.scheiker.de\/?attachment_id=595'><img loading=\"lazy\" decoding=\"async\" width=\"250\" height=\"250\" src=\"https:\/\/photography.scheiker.de\/wp-content\/uploads\/2018\/05\/20150523TSPD_5_File_005-250x250.jpg\" class=\"attachment-thumbnail size-thumbnail\" alt=\"\" srcset=\"https:\/\/photography.scheiker.de\/wp-content\/uploads\/2018\/05\/20150523TSPD_5_File_005-250x250.jpg 250w, https:\/\/photography.scheiker.de\/wp-content\/uploads\/2018\/05\/20150523TSPD_5_File_005-300x300.jpg 300w, https:\/\/photography.scheiker.de\/wp-content\/uploads\/2018\/05\/20150523TSPD_5_File_005-100x100.jpg 100w\" sizes=\"auto, (max-width: 250px) 100vw, 250px\" \/><\/a>\n\t\t\t<\/dt><\/dl><dl class='gallery-item'>\n\t\t\t<dt class='gallery-icon landscape'>\n\t\t\t\t<a href='https:\/\/photography.scheiker.de\/?attachment_id=589'><img loading=\"lazy\" decoding=\"async\" width=\"250\" height=\"250\" src=\"https:\/\/photography.scheiker.de\/wp-content\/uploads\/2018\/05\/20150523TSPD_9_File_003-250x250.jpg\" class=\"attachment-thumbnail size-thumbnail\" alt=\"\" srcset=\"https:\/\/photography.scheiker.de\/wp-content\/uploads\/2018\/05\/20150523TSPD_9_File_003-250x250.jpg 250w, https:\/\/photography.scheiker.de\/wp-content\/uploads\/2018\/05\/20150523TSPD_9_File_003-300x300.jpg 300w, https:\/\/photography.scheiker.de\/wp-content\/uploads\/2018\/05\/20150523TSPD_9_File_003-100x100.jpg 100w\" sizes=\"auto, (max-width: 250px) 100vw, 250px\" \/><\/a>\n\t\t\t<\/dt><\/dl><br style=\"clear: both\" \/><dl class='gallery-item'>\n\t\t\t<dt class='gallery-icon landscape'>\n\t\t\t\t<a href='https:\/\/photography.scheiker.de\/?attachment_id=588'><img loading=\"lazy\" decoding=\"async\" width=\"250\" height=\"250\" src=\"https:\/\/photography.scheiker.de\/wp-content\/uploads\/2018\/05\/20150523TSPD_9_File_004-250x250.jpg\" class=\"attachment-thumbnail size-thumbnail\" alt=\"\" srcset=\"https:\/\/photography.scheiker.de\/wp-content\/uploads\/2018\/05\/20150523TSPD_9_File_004-250x250.jpg 250w, https:\/\/photography.scheiker.de\/wp-content\/uploads\/2018\/05\/20150523TSPD_9_File_004-300x300.jpg 300w, https:\/\/photography.scheiker.de\/wp-content\/uploads\/2018\/05\/20150523TSPD_9_File_004-100x100.jpg 100w\" sizes=\"auto, (max-width: 250px) 100vw, 250px\" \/><\/a>\n\t\t\t<\/dt><\/dl><dl class='gallery-item'>\n\t\t\t<dt class='gallery-icon landscape'>\n\t\t\t\t<a href='https:\/\/photography.scheiker.de\/?attachment_id=591'><img loading=\"lazy\" decoding=\"async\" width=\"250\" height=\"250\" src=\"https:\/\/photography.scheiker.de\/wp-content\/uploads\/2018\/05\/20150523TSPD_2_File_001-250x250.jpg\" class=\"attachment-thumbnail size-thumbnail\" alt=\"\" srcset=\"https:\/\/photography.scheiker.de\/wp-content\/uploads\/2018\/05\/20150523TSPD_2_File_001-250x250.jpg 250w, https:\/\/photography.scheiker.de\/wp-content\/uploads\/2018\/05\/20150523TSPD_2_File_001-300x300.jpg 300w, https:\/\/photography.scheiker.de\/wp-content\/uploads\/2018\/05\/20150523TSPD_2_File_001-100x100.jpg 100w\" sizes=\"auto, (max-width: 250px) 100vw, 250px\" \/><\/a>\n\t\t\t<\/dt><\/dl><dl class='gallery-item'>\n\t\t\t<dt class='gallery-icon landscape'>\n\t\t\t\t<a href='https:\/\/photography.scheiker.de\/?attachment_id=564'><img loading=\"lazy\" decoding=\"async\" width=\"250\" height=\"250\" src=\"https:\/\/photography.scheiker.de\/wp-content\/uploads\/2018\/01\/20150525TSPD_11_File_003-250x250.jpg\" class=\"attachment-thumbnail size-thumbnail\" alt=\"Hochzeitsreportage am Tegernsee\" aria-describedby=\"gallery-1-564\" srcset=\"https:\/\/photography.scheiker.de\/wp-content\/uploads\/2018\/01\/20150525TSPD_11_File_003-250x250.jpg 250w, https:\/\/photography.scheiker.de\/wp-content\/uploads\/2018\/01\/20150525TSPD_11_File_003-300x300.jpg 300w, https:\/\/photography.scheiker.de\/wp-content\/uploads\/2018\/01\/20150525TSPD_11_File_003-100x100.jpg 100w\" sizes=\"auto, (max-width: 250px) 100vw, 250px\" \/><\/a>\n\t\t\t<\/dt>\n\t\t\t\t<dd class='wp-caption-text gallery-caption' id='gallery-1-564'>\n\t\t\t\tHochzeitsreportage am Tegernsee\n\t\t\t\t<\/dd><\/dl><br style=\"clear: both\" \/><dl class='gallery-item'>\n\t\t\t<dt class='gallery-icon landscape'>\n\t\t\t\t<a href='https:\/\/photography.scheiker.de\/?attachment_id=563'><img loading=\"lazy\" decoding=\"async\" width=\"250\" height=\"250\" src=\"https:\/\/photography.scheiker.de\/wp-content\/uploads\/2018\/01\/20150525TSPD_10_File_005-250x250.jpg\" class=\"attachment-thumbnail size-thumbnail\" alt=\"Hochzeitsreportage am Tegernsee\" aria-describedby=\"gallery-1-563\" srcset=\"https:\/\/photography.scheiker.de\/wp-content\/uploads\/2018\/01\/20150525TSPD_10_File_005-250x250.jpg 250w, https:\/\/photography.scheiker.de\/wp-content\/uploads\/2018\/01\/20150525TSPD_10_File_005-300x300.jpg 300w, https:\/\/photography.scheiker.de\/wp-content\/uploads\/2018\/01\/20150525TSPD_10_File_005-100x100.jpg 100w\" sizes=\"auto, (max-width: 250px) 100vw, 250px\" \/><\/a>\n\t\t\t<\/dt>\n\t\t\t\t<dd class='wp-caption-text gallery-caption' id='gallery-1-563'>\n\t\t\t\tHochzeitsreportage am Tegernsee\n\t\t\t\t<\/dd><\/dl><dl class='gallery-item'>\n\t\t\t<dt class='gallery-icon landscape'>\n\t\t\t\t<a href='https:\/\/photography.scheiker.de\/?attachment_id=565'><img loading=\"lazy\" decoding=\"async\" width=\"250\" height=\"250\" src=\"https:\/\/photography.scheiker.de\/wp-content\/uploads\/2018\/01\/20150523TSPD_6_File_006-250x250.jpg\" class=\"attachment-thumbnail size-thumbnail\" alt=\"Hochzeitsreportage am Tegernsee\" aria-describedby=\"gallery-1-565\" srcset=\"https:\/\/photography.scheiker.de\/wp-content\/uploads\/2018\/01\/20150523TSPD_6_File_006-250x250.jpg 250w, https:\/\/photography.scheiker.de\/wp-content\/uploads\/2018\/01\/20150523TSPD_6_File_006-300x300.jpg 300w, https:\/\/photography.scheiker.de\/wp-content\/uploads\/2018\/01\/20150523TSPD_6_File_006-100x100.jpg 100w\" sizes=\"auto, (max-width: 250px) 100vw, 250px\" \/><\/a>\n\t\t\t<\/dt>\n\t\t\t\t<dd class='wp-caption-text gallery-caption' id='gallery-1-565'>\n\t\t\t\tHochzeitsreportage am Tegernsee\n\t\t\t\t<\/dd><\/dl><dl class='gallery-item'>\n\t\t\t<dt class='gallery-icon landscape'>\n\t\t\t\t<a href='https:\/\/photography.scheiker.de\/?attachment_id=592'><img loading=\"lazy\" decoding=\"async\" width=\"250\" height=\"250\" src=\"https:\/\/photography.scheiker.de\/wp-content\/uploads\/2018\/05\/20150525TSPD_12_File_002-250x250.jpg\" class=\"attachment-thumbnail size-thumbnail\" alt=\"\" srcset=\"https:\/\/photography.scheiker.de\/wp-content\/uploads\/2018\/05\/20150525TSPD_12_File_002-250x250.jpg 250w, https:\/\/photography.scheiker.de\/wp-content\/uploads\/2018\/05\/20150525TSPD_12_File_002-300x300.jpg 300w, https:\/\/photography.scheiker.de\/wp-content\/uploads\/2018\/05\/20150525TSPD_12_File_002-100x100.jpg 100w\" sizes=\"auto, (max-width: 250px) 100vw, 250px\" \/><\/a>\n\t\t\t<\/dt><\/dl><br style=\"clear: both\" \/><dl class='gallery-item'>\n\t\t\t<dt class='gallery-icon landscape'>\n\t\t\t\t<a href='https:\/\/photography.scheiker.de\/?attachment_id=587'><img loading=\"lazy\" decoding=\"async\" width=\"250\" height=\"250\" src=\"https:\/\/photography.scheiker.de\/wp-content\/uploads\/2018\/05\/20150525TSPD_10_File_006-250x250.jpg\" class=\"attachment-thumbnail size-thumbnail\" alt=\"Hochzeitsreportage am Tegernsee\" aria-describedby=\"gallery-1-587\" srcset=\"https:\/\/photography.scheiker.de\/wp-content\/uploads\/2018\/05\/20150525TSPD_10_File_006-250x250.jpg 250w, https:\/\/photography.scheiker.de\/wp-content\/uploads\/2018\/05\/20150525TSPD_10_File_006-300x300.jpg 300w, https:\/\/photography.scheiker.de\/wp-content\/uploads\/2018\/05\/20150525TSPD_10_File_006-100x100.jpg 100w\" sizes=\"auto, (max-width: 250px) 100vw, 250px\" \/><\/a>\n\t\t\t<\/dt>\n\t\t\t\t<dd class='wp-caption-text gallery-caption' id='gallery-1-587'>\n\t\t\t\tHochzeitsreportage am Tegernsee\n\t\t\t\t<\/dd><\/dl><dl class='gallery-item'>\n\t\t\t<dt class='gallery-icon landscape'>\n\t\t\t\t<a href='https:\/\/photography.scheiker.de\/?attachment_id=562'><img loading=\"lazy\" decoding=\"async\" width=\"250\" height=\"250\" src=\"https:\/\/photography.scheiker.de\/wp-content\/uploads\/2018\/01\/20150525TSPD_13_File_004-250x250.jpg\" class=\"attachment-thumbnail size-thumbnail\" alt=\"Hochzeitsreportage am Tegernsee\" aria-describedby=\"gallery-1-562\" srcset=\"https:\/\/photography.scheiker.de\/wp-content\/uploads\/2018\/01\/20150525TSPD_13_File_004-250x250.jpg 250w, https:\/\/photography.scheiker.de\/wp-content\/uploads\/2018\/01\/20150525TSPD_13_File_004-300x300.jpg 300w, https:\/\/photography.scheiker.de\/wp-content\/uploads\/2018\/01\/20150525TSPD_13_File_004-100x100.jpg 100w\" sizes=\"auto, (max-width: 250px) 100vw, 250px\" \/><\/a>\n\t\t\t<\/dt>\n\t\t\t\t<dd class='wp-caption-text gallery-caption' id='gallery-1-562'>\n\t\t\t\tHochzeitsreportage am Tegernsee\n\t\t\t\t<\/dd><\/dl>\n\t\t\t<br style='clear: both' \/>\n\t\t<\/div>\n\n","protected":false},"excerpt":{"rendered":"<p>Als Hochzeitsfotograf zu arbeiten ist nicht jedermanns Ding. Aber es ist schon ziemlich cool mit lauter netten Menschen an noch netteren Locations unterwegs zu sein. So war es dann auch am wundersch\u00f6nen Tegernsee, wo ich eine Hochzeitsreportage fotografieren durfte. Wenn der See etwas w\u00e4rmer gewesen [&hellip;]<\/p>\n","protected":false},"author":1,"featured_media":562,"comment_status":"open","ping_status":"open","sticky":false,"template":"","format":"standard","meta":{"footnotes":""},"categories":[4,43],"tags":[44,8,45],"class_list":["post-324","post","type-post","status-publish","format-standard","has-post-thumbnail","hentry","category-hochzeit","category-hochzeitsreportage","tag-bayern","tag-hochzeit","tag-hochzeitsreportage"],"_links":{"self":[{"href":"https:\/\/photography.scheiker.de\/index.php?rest_route=\/wp\/v2\/posts\/324","targetHints":{"allow":["GET"]}}],"collection":[{"href":"https:\/\/photography.scheiker.de\/index.php?rest_route=\/wp\/v2\/posts"}],"about":[{"href":"https:\/\/photography.scheiker.de\/index.php?rest_route=\/wp\/v2\/types\/post"}],"author":[{"embeddable":true,"href":"https:\/\/photography.scheiker.de\/index.php?rest_route=\/wp\/v2\/users\/1"}],"replies":[{"embeddable":true,"href":"https:\/\/photography.scheiker.de\/index.php?rest_route=%2Fwp%2Fv2%2Fcomments&post=324"}],"version-history":[{"count":11,"href":"https:\/\/photography.scheiker.de\/index.php?rest_route=\/wp\/v2\/posts\/324\/revisions"}],"predecessor-version":[{"id":803,"href":"https:\/\/photography.scheiker.de\/index.php?rest_route=\/wp\/v2\/posts\/324\/revisions\/803"}],"wp:featuredmedia":[{"embeddable":true,"href":"https:\/\/photography.scheiker.de\/index.php?rest_route=\/wp\/v2\/media\/562"}],"wp:attachment":[{"href":"https:\/\/photography.scheiker.de\/index.php?rest_route=%2Fwp%2Fv2%2Fmedia&parent=324"}],"wp:term":[{"taxonomy":"category","embeddable":true,"href":"https:\/\/photography.scheiker.de\/index.php?rest_route=%2Fwp%2Fv2%2Fcategories&post=324"},{"taxonomy":"post_tag","embeddable":true,"href":"https:\/\/photography.scheiker.de\/index.php?rest_route=%2Fwp%2Fv2%2Ftags&post=324"}],"curies":[{"name":"wp","href":"https:\/\/api.w.org\/{rel}","templated":true}]}}