{"id":335,"date":"2016-08-07T14:38:01","date_gmt":"2016-08-07T12:38:01","guid":{"rendered":"http:\/\/photography.scheiker.de\/?p=335"},"modified":"2016-08-23T21:36:15","modified_gmt":"2016-08-23T19:36:15","slug":"colin-williams","status":"publish","type":"post","link":"https:\/\/photography.scheiker.de\/?p=335","title":{"rendered":"Colin Williams"},"content":{"rendered":"<p><a href=\"https:\/\/www.facebook.com\/YOSHWILLOW\" target=\"_blank\">Colin Williams<\/a> ist nicht nur in seiner englischen Heimat sondern auch international ein gefragter Musiker in der Gospelszene. Es war mir ein ganz besonderes Vergn\u00fcgen meinen lieben Freund Colin, der f\u00fcr ein <a href=\"https:\/\/www.krefeld.de\/de\/veranstaltungen\/benefiz-gospelkonzert-mit-den-living-voices-black-soul-tenors-cellessimo\/\" target=\"_blank\">Konzert<\/a>\u00a0nach Deutschland gereist war, zu fotografieren. F\u00fcr nat\u00fcrliche Portraits hatten wir uns die n\u00e4here Umgebung seiner Unterkunft ausgesucht. Leider war das Wetter an diesem Tag, wie so oft in diesem Sommer, recht unbest\u00e4ndig. Auf einigen wenigen Bildern sind deshalb auch d\u00fcnne Striche von den fallenden Regentropfen zu sehen. Wenig sp\u00e4ter hatten wir dann etwas mehr Gl\u00fcck und das Wetter besserte sich. Es war ein unglaublich sch\u00f6ner und lustiger Nachmittag mit Colin und meiner Assistentin Anna. Thank\u00b4s twinny \u00a0\ud83d\ude09<\/p>\n<p>&nbsp;<\/p>\n<div id=\"attachment_374\" style=\"width: 970px\" class=\"wp-caption aligncenter\"><img loading=\"lazy\" decoding=\"async\" aria-describedby=\"caption-attachment-374\" class=\"size-full wp-image-374\" src=\"http:\/\/photography.scheiker.de\/wp-content\/uploads\/2016\/08\/2016-07-02_TS_DSC_5101.jpg\" alt=\"Colin Williams\" width=\"960\" height=\"641\" srcset=\"https:\/\/photography.scheiker.de\/wp-content\/uploads\/2016\/08\/2016-07-02_TS_DSC_5101.jpg 960w, https:\/\/photography.scheiker.de\/wp-content\/uploads\/2016\/08\/2016-07-02_TS_DSC_5101-600x401.jpg 600w, https:\/\/photography.scheiker.de\/wp-content\/uploads\/2016\/08\/2016-07-02_TS_DSC_5101-300x200.jpg 300w, https:\/\/photography.scheiker.de\/wp-content\/uploads\/2016\/08\/2016-07-02_TS_DSC_5101-768x513.jpg 768w\" sizes=\"auto, (max-width: 960px) 100vw, 960px\" \/><p id=\"caption-attachment-374\" class=\"wp-caption-text\">Colin Williams<\/p><\/div>\n<div id=\"attachment_373\" style=\"width: 970px\" class=\"wp-caption aligncenter\"><img loading=\"lazy\" decoding=\"async\" aria-describedby=\"caption-attachment-373\" class=\"size-full wp-image-373\" src=\"http:\/\/photography.scheiker.de\/wp-content\/uploads\/2016\/08\/2016-07-02_TS_DSC_5077-1.jpg\" alt=\"Colin Williams\" width=\"960\" height=\"641\" srcset=\"https:\/\/photography.scheiker.de\/wp-content\/uploads\/2016\/08\/2016-07-02_TS_DSC_5077-1.jpg 960w, https:\/\/photography.scheiker.de\/wp-content\/uploads\/2016\/08\/2016-07-02_TS_DSC_5077-1-600x401.jpg 600w, https:\/\/photography.scheiker.de\/wp-content\/uploads\/2016\/08\/2016-07-02_TS_DSC_5077-1-300x200.jpg 300w, https:\/\/photography.scheiker.de\/wp-content\/uploads\/2016\/08\/2016-07-02_TS_DSC_5077-1-768x513.jpg 768w\" sizes=\"auto, (max-width: 960px) 100vw, 960px\" \/><p id=\"caption-attachment-373\" class=\"wp-caption-text\">Colin Williams<\/p><\/div>\n<div id=\"attachment_372\" style=\"width: 970px\" class=\"wp-caption aligncenter\"><img loading=\"lazy\" decoding=\"async\" aria-describedby=\"caption-attachment-372\" class=\"wp-image-372 size-full\" src=\"http:\/\/photography.scheiker.de\/wp-content\/uploads\/2016\/08\/2016-07-02_TS_DSC_5015-Bearbeitet-1.jpg\" alt=\"2016-07-02_TS_DSC_5015-Bearbeitet\" width=\"960\" height=\"641\" srcset=\"https:\/\/photography.scheiker.de\/wp-content\/uploads\/2016\/08\/2016-07-02_TS_DSC_5015-Bearbeitet-1.jpg 960w, https:\/\/photography.scheiker.de\/wp-content\/uploads\/2016\/08\/2016-07-02_TS_DSC_5015-Bearbeitet-1-600x401.jpg 600w, https:\/\/photography.scheiker.de\/wp-content\/uploads\/2016\/08\/2016-07-02_TS_DSC_5015-Bearbeitet-1-300x200.jpg 300w, https:\/\/photography.scheiker.de\/wp-content\/uploads\/2016\/08\/2016-07-02_TS_DSC_5015-Bearbeitet-1-768x513.jpg 768w\" sizes=\"auto, (max-width: 960px) 100vw, 960px\" \/><p id=\"caption-attachment-372\" class=\"wp-caption-text\">Colin Williams<\/p><\/div>\n<p><img loading=\"lazy\" decoding=\"async\" class=\"aligncenter size-full wp-image-371\" src=\"http:\/\/photography.scheiker.de\/wp-content\/uploads\/2016\/08\/2016-07-02_TS_DSC_4911-2-1.jpg\" alt=\"2016-07-02_TS_DSC_4911-2\" width=\"960\" height=\"641\" srcset=\"https:\/\/photography.scheiker.de\/wp-content\/uploads\/2016\/08\/2016-07-02_TS_DSC_4911-2-1.jpg 960w, https:\/\/photography.scheiker.de\/wp-content\/uploads\/2016\/08\/2016-07-02_TS_DSC_4911-2-1-600x401.jpg 600w, https:\/\/photography.scheiker.de\/wp-content\/uploads\/2016\/08\/2016-07-02_TS_DSC_4911-2-1-300x200.jpg 300w, https:\/\/photography.scheiker.de\/wp-content\/uploads\/2016\/08\/2016-07-02_TS_DSC_4911-2-1-768x513.jpg 768w\" sizes=\"auto, (max-width: 960px) 100vw, 960px\" \/><\/p>\n<div id=\"attachment_343\" style=\"width: 970px\" class=\"wp-caption aligncenter\"><img loading=\"lazy\" decoding=\"async\" aria-describedby=\"caption-attachment-343\" class=\"size-full wp-image-343\" src=\"http:\/\/photography.scheiker.de\/wp-content\/uploads\/2016\/08\/2016-07-02_TS_DSC_5184.jpg\" alt=\"Twinnys - Colin Williams &amp; me\" width=\"960\" height=\"641\" srcset=\"https:\/\/photography.scheiker.de\/wp-content\/uploads\/2016\/08\/2016-07-02_TS_DSC_5184.jpg 960w, https:\/\/photography.scheiker.de\/wp-content\/uploads\/2016\/08\/2016-07-02_TS_DSC_5184-600x401.jpg 600w, https:\/\/photography.scheiker.de\/wp-content\/uploads\/2016\/08\/2016-07-02_TS_DSC_5184-300x200.jpg 300w, https:\/\/photography.scheiker.de\/wp-content\/uploads\/2016\/08\/2016-07-02_TS_DSC_5184-768x513.jpg 768w\" sizes=\"auto, (max-width: 960px) 100vw, 960px\" \/><p id=\"caption-attachment-343\" class=\"wp-caption-text\">Twinnys &#8211; Colin Williams &amp; me<\/p><\/div>\n","protected":false},"excerpt":{"rendered":"<p>Colin Williams ist nicht nur in seiner englischen Heimat sondern auch international ein gefragter Musiker in der Gospelszene. Es war mir ein ganz besonderes Vergn\u00fcgen meinen lieben Freund Colin, der f\u00fcr ein Konzert\u00a0nach Deutschland gereist war, zu fotografieren. F\u00fcr nat\u00fcrliche Portraits hatten wir uns die [&hellip;]<\/p>\n","protected":false},"author":1,"featured_media":389,"comment_status":"open","ping_status":"open","sticky":false,"template":"","format":"standard","meta":{"footnotes":""},"categories":[1,21,13,6],"tags":[22,16,10],"class_list":["post-335","post","type-post","status-publish","format-standard","has-post-thumbnail","hentry","category-allgemein","category-musiker","category-portrait","category-shoot","tag-musiker","tag-portrait","tag-shoot"],"_links":{"self":[{"href":"https:\/\/photography.scheiker.de\/index.php?rest_route=\/wp\/v2\/posts\/335","targetHints":{"allow":["GET"]}}],"collection":[{"href":"https:\/\/photography.scheiker.de\/index.php?rest_route=\/wp\/v2\/posts"}],"about":[{"href":"https:\/\/photography.scheiker.de\/index.php?rest_route=\/wp\/v2\/types\/post"}],"author":[{"embeddable":true,"href":"https:\/\/photography.scheiker.de\/index.php?rest_route=\/wp\/v2\/users\/1"}],"replies":[{"embeddable":true,"href":"https:\/\/photography.scheiker.de\/index.php?rest_route=%2Fwp%2Fv2%2Fcomments&post=335"}],"version-history":[{"count":10,"href":"https:\/\/photography.scheiker.de\/index.php?rest_route=\/wp\/v2\/posts\/335\/revisions"}],"predecessor-version":[{"id":393,"href":"https:\/\/photography.scheiker.de\/index.php?rest_route=\/wp\/v2\/posts\/335\/revisions\/393"}],"wp:featuredmedia":[{"embeddable":true,"href":"https:\/\/photography.scheiker.de\/index.php?rest_route=\/wp\/v2\/media\/389"}],"wp:attachment":[{"href":"https:\/\/photography.scheiker.de\/index.php?rest_route=%2Fwp%2Fv2%2Fmedia&parent=335"}],"wp:term":[{"taxonomy":"category","embeddable":true,"href":"https:\/\/photography.scheiker.de\/index.php?rest_route=%2Fwp%2Fv2%2Fcategories&post=335"},{"taxonomy":"post_tag","embeddable":true,"href":"https:\/\/photography.scheiker.de\/index.php?rest_route=%2Fwp%2Fv2%2Ftags&post=335"}],"curies":[{"name":"wp","href":"https:\/\/api.w.org\/{rel}","templated":true}]}}