{"id":764,"date":"2020-08-20T13:51:57","date_gmt":"2020-08-20T11:51:57","guid":{"rendered":"http:\/\/photography.scheiker.de\/?p=764"},"modified":"2023-01-05T09:20:58","modified_gmt":"2023-01-05T07:20:58","slug":"eine-hochzeit-im-hohen-norden","status":"publish","type":"post","link":"https:\/\/photography.scheiker.de\/?p=764","title":{"rendered":"Eine Hochzeit im hohen Norden"},"content":{"rendered":"\n<p>Hochzeiten sind immer etwas besonderes, egal wo sie gefeiert werden. Dieses wunderbare Paar wurde in Timmendorf an der Ostsee getraut. Da wurden dann schnell der Kurpark und der Strand zu einer Kulisse f\u00fcr die Hochzeitsbilder. Der Spa\u00df ist der Motor bei den Hochzeiten, ohne den geht es nicht! Es war \u00fcbrigens gar nicht so einfach die Mieter des Strandkorbs davon zu \u00fcberzeugen, dass wir den unbedingt f\u00fcr die Hochzeitsbilder brauchen :-).  Aber es hat ja doch geklappt und ich bin wirklich froh dar\u00fcber. Danke an das Paar das uns den gemieteten Strandkorb f\u00fcr 5 Minuten \u00fcberlassen hat!!!<\/p>\n\n\n\n<p><\/p>\n\n\n\n<p>Ausgestattet wurde die Braut von der  <a href=\"https:\/\/www.traumkleid-oase.de\/\" target=\"_blank\" rel=\"noreferrer noopener\" aria-label=\"Traumkleidoase (\u00f6ffnet in neuem Tab)\">Traumkleidoase<\/a> in L\u00fctjenburg.<\/p>\n\n\n\n<p><\/p>\n\n\n\n<figure class=\"wp-block-image\"><img loading=\"lazy\" decoding=\"async\" width=\"1024\" height=\"683\" src=\"http:\/\/photography.scheiker.de\/wp-content\/uploads\/2020\/08\/20180804TSDSC_8149-Bearbeitet-1024x683.jpg\" alt=\"\" class=\"wp-image-766\" srcset=\"https:\/\/photography.scheiker.de\/wp-content\/uploads\/2020\/08\/20180804TSDSC_8149-Bearbeitet-1024x683.jpg 1024w, https:\/\/photography.scheiker.de\/wp-content\/uploads\/2020\/08\/20180804TSDSC_8149-Bearbeitet-600x400.jpg 600w, https:\/\/photography.scheiker.de\/wp-content\/uploads\/2020\/08\/20180804TSDSC_8149-Bearbeitet-250x167.jpg 250w, https:\/\/photography.scheiker.de\/wp-content\/uploads\/2020\/08\/20180804TSDSC_8149-Bearbeitet-300x200.jpg 300w, https:\/\/photography.scheiker.de\/wp-content\/uploads\/2020\/08\/20180804TSDSC_8149-Bearbeitet-768x512.jpg 768w, https:\/\/photography.scheiker.de\/wp-content\/uploads\/2020\/08\/20180804TSDSC_8149-Bearbeitet.jpg 1250w\" sizes=\"auto, (max-width: 1024px) 100vw, 1024px\" \/><\/figure>\n\n\n\n<figure class=\"wp-block-image\"><img loading=\"lazy\" decoding=\"async\" width=\"1024\" height=\"683\" src=\"http:\/\/photography.scheiker.de\/wp-content\/uploads\/2020\/08\/20180804TSDSC_8335-Bearbeitet-Bearbeitet-1024x683.jpg\" alt=\"\" class=\"wp-image-767\" srcset=\"https:\/\/photography.scheiker.de\/wp-content\/uploads\/2020\/08\/20180804TSDSC_8335-Bearbeitet-Bearbeitet-1024x683.jpg 1024w, https:\/\/photography.scheiker.de\/wp-content\/uploads\/2020\/08\/20180804TSDSC_8335-Bearbeitet-Bearbeitet-600x400.jpg 600w, https:\/\/photography.scheiker.de\/wp-content\/uploads\/2020\/08\/20180804TSDSC_8335-Bearbeitet-Bearbeitet-250x167.jpg 250w, https:\/\/photography.scheiker.de\/wp-content\/uploads\/2020\/08\/20180804TSDSC_8335-Bearbeitet-Bearbeitet-300x200.jpg 300w, https:\/\/photography.scheiker.de\/wp-content\/uploads\/2020\/08\/20180804TSDSC_8335-Bearbeitet-Bearbeitet-768x512.jpg 768w, https:\/\/photography.scheiker.de\/wp-content\/uploads\/2020\/08\/20180804TSDSC_8335-Bearbeitet-Bearbeitet.jpg 1250w\" sizes=\"auto, (max-width: 1024px) 100vw, 1024px\" \/><\/figure>\n\n\n\n<figure class=\"wp-block-image\"><img loading=\"lazy\" decoding=\"async\" width=\"1024\" height=\"683\" src=\"http:\/\/photography.scheiker.de\/wp-content\/uploads\/2020\/08\/20180804TSDSC_8367-1024x683.jpg\" alt=\"\" class=\"wp-image-768\" srcset=\"https:\/\/photography.scheiker.de\/wp-content\/uploads\/2020\/08\/20180804TSDSC_8367-1024x683.jpg 1024w, https:\/\/photography.scheiker.de\/wp-content\/uploads\/2020\/08\/20180804TSDSC_8367-600x400.jpg 600w, https:\/\/photography.scheiker.de\/wp-content\/uploads\/2020\/08\/20180804TSDSC_8367-250x167.jpg 250w, https:\/\/photography.scheiker.de\/wp-content\/uploads\/2020\/08\/20180804TSDSC_8367-300x200.jpg 300w, https:\/\/photography.scheiker.de\/wp-content\/uploads\/2020\/08\/20180804TSDSC_8367-768x512.jpg 768w, https:\/\/photography.scheiker.de\/wp-content\/uploads\/2020\/08\/20180804TSDSC_8367.jpg 1250w\" sizes=\"auto, (max-width: 1024px) 100vw, 1024px\" \/><\/figure>\n\n\n\n<figure class=\"wp-block-image\"><img loading=\"lazy\" decoding=\"async\" width=\"1024\" height=\"683\" src=\"http:\/\/photography.scheiker.de\/wp-content\/uploads\/2020\/08\/20180804TSDSC_8425-1024x683.jpg\" alt=\"\" class=\"wp-image-771\" srcset=\"https:\/\/photography.scheiker.de\/wp-content\/uploads\/2020\/08\/20180804TSDSC_8425-1024x683.jpg 1024w, https:\/\/photography.scheiker.de\/wp-content\/uploads\/2020\/08\/20180804TSDSC_8425-600x400.jpg 600w, https:\/\/photography.scheiker.de\/wp-content\/uploads\/2020\/08\/20180804TSDSC_8425-250x167.jpg 250w, https:\/\/photography.scheiker.de\/wp-content\/uploads\/2020\/08\/20180804TSDSC_8425-300x200.jpg 300w, https:\/\/photography.scheiker.de\/wp-content\/uploads\/2020\/08\/20180804TSDSC_8425-768x512.jpg 768w, https:\/\/photography.scheiker.de\/wp-content\/uploads\/2020\/08\/20180804TSDSC_8425.jpg 1250w\" sizes=\"auto, (max-width: 1024px) 100vw, 1024px\" \/><\/figure>\n\n\n\n<figure class=\"wp-block-image\"><img loading=\"lazy\" decoding=\"async\" width=\"1024\" height=\"683\" src=\"http:\/\/photography.scheiker.de\/wp-content\/uploads\/2020\/08\/20180804TSDSC_8411-Bearbeitet-2-1024x683.jpg\" alt=\"\" class=\"wp-image-772\" srcset=\"https:\/\/photography.scheiker.de\/wp-content\/uploads\/2020\/08\/20180804TSDSC_8411-Bearbeitet-2-1024x683.jpg 1024w, https:\/\/photography.scheiker.de\/wp-content\/uploads\/2020\/08\/20180804TSDSC_8411-Bearbeitet-2-600x400.jpg 600w, https:\/\/photography.scheiker.de\/wp-content\/uploads\/2020\/08\/20180804TSDSC_8411-Bearbeitet-2-250x167.jpg 250w, https:\/\/photography.scheiker.de\/wp-content\/uploads\/2020\/08\/20180804TSDSC_8411-Bearbeitet-2-300x200.jpg 300w, https:\/\/photography.scheiker.de\/wp-content\/uploads\/2020\/08\/20180804TSDSC_8411-Bearbeitet-2-768x512.jpg 768w, https:\/\/photography.scheiker.de\/wp-content\/uploads\/2020\/08\/20180804TSDSC_8411-Bearbeitet-2.jpg 1250w\" sizes=\"auto, (max-width: 1024px) 100vw, 1024px\" \/><\/figure>\n\n\n\n<figure class=\"wp-block-image\"><img loading=\"lazy\" decoding=\"async\" width=\"1024\" height=\"683\" src=\"http:\/\/photography.scheiker.de\/wp-content\/uploads\/2020\/08\/20180804TSDSC_8675-Bearbeitet-2-Bearbeitet-1024x683.jpg\" alt=\"\" class=\"wp-image-770\" srcset=\"https:\/\/photography.scheiker.de\/wp-content\/uploads\/2020\/08\/20180804TSDSC_8675-Bearbeitet-2-Bearbeitet-1024x683.jpg 1024w, https:\/\/photography.scheiker.de\/wp-content\/uploads\/2020\/08\/20180804TSDSC_8675-Bearbeitet-2-Bearbeitet-600x400.jpg 600w, https:\/\/photography.scheiker.de\/wp-content\/uploads\/2020\/08\/20180804TSDSC_8675-Bearbeitet-2-Bearbeitet-250x167.jpg 250w, https:\/\/photography.scheiker.de\/wp-content\/uploads\/2020\/08\/20180804TSDSC_8675-Bearbeitet-2-Bearbeitet-300x200.jpg 300w, https:\/\/photography.scheiker.de\/wp-content\/uploads\/2020\/08\/20180804TSDSC_8675-Bearbeitet-2-Bearbeitet-768x512.jpg 768w, https:\/\/photography.scheiker.de\/wp-content\/uploads\/2020\/08\/20180804TSDSC_8675-Bearbeitet-2-Bearbeitet.jpg 1250w\" sizes=\"auto, (max-width: 1024px) 100vw, 1024px\" \/><\/figure>\n\n\n\n<figure class=\"wp-block-image\"><img loading=\"lazy\" decoding=\"async\" width=\"1024\" height=\"752\" src=\"http:\/\/photography.scheiker.de\/wp-content\/uploads\/2020\/08\/20180804TSDSC_8740-Bearbeitet-2-Bearbeitet-1024x752.jpg\" alt=\"\" class=\"wp-image-769\" srcset=\"https:\/\/photography.scheiker.de\/wp-content\/uploads\/2020\/08\/20180804TSDSC_8740-Bearbeitet-2-Bearbeitet-1024x752.jpg 1024w, https:\/\/photography.scheiker.de\/wp-content\/uploads\/2020\/08\/20180804TSDSC_8740-Bearbeitet-2-Bearbeitet-600x441.jpg 600w, https:\/\/photography.scheiker.de\/wp-content\/uploads\/2020\/08\/20180804TSDSC_8740-Bearbeitet-2-Bearbeitet-250x184.jpg 250w, https:\/\/photography.scheiker.de\/wp-content\/uploads\/2020\/08\/20180804TSDSC_8740-Bearbeitet-2-Bearbeitet-300x220.jpg 300w, https:\/\/photography.scheiker.de\/wp-content\/uploads\/2020\/08\/20180804TSDSC_8740-Bearbeitet-2-Bearbeitet-768x564.jpg 768w, https:\/\/photography.scheiker.de\/wp-content\/uploads\/2020\/08\/20180804TSDSC_8740-Bearbeitet-2-Bearbeitet.jpg 1250w\" sizes=\"auto, (max-width: 1024px) 100vw, 1024px\" \/><\/figure>\n\n\n\n<figure class=\"wp-block-image\"><img loading=\"lazy\" decoding=\"async\" width=\"684\" height=\"1024\" src=\"http:\/\/photography.scheiker.de\/wp-content\/uploads\/2020\/08\/20180804TSDSC_8747-Bearbeitet-2-684x1024.jpg\" alt=\"\" class=\"wp-image-773\" srcset=\"https:\/\/photography.scheiker.de\/wp-content\/uploads\/2020\/08\/20180804TSDSC_8747-Bearbeitet-2-684x1024.jpg 684w, https:\/\/photography.scheiker.de\/wp-content\/uploads\/2020\/08\/20180804TSDSC_8747-Bearbeitet-2-600x898.jpg 600w, https:\/\/photography.scheiker.de\/wp-content\/uploads\/2020\/08\/20180804TSDSC_8747-Bearbeitet-2-167x250.jpg 167w, https:\/\/photography.scheiker.de\/wp-content\/uploads\/2020\/08\/20180804TSDSC_8747-Bearbeitet-2-200x300.jpg 200w, https:\/\/photography.scheiker.de\/wp-content\/uploads\/2020\/08\/20180804TSDSC_8747-Bearbeitet-2-768x1150.jpg 768w, https:\/\/photography.scheiker.de\/wp-content\/uploads\/2020\/08\/20180804TSDSC_8747-Bearbeitet-2.jpg 835w\" sizes=\"auto, (max-width: 684px) 100vw, 684px\" \/><\/figure>\n","protected":false},"excerpt":{"rendered":"<p>Hochzeiten sind immer etwas besonderes, egal wo sie gefeiert werden. Dieses wunderbare Paar wurde in Timmendorf an der Ostsee getraut. Da wurden dann schnell der Kurpark und der Strand zu einer Kulisse f\u00fcr die Hochzeitsbilder. Der Spa\u00df ist der Motor bei den Hochzeiten, ohne den [&hellip;]<\/p>\n","protected":false},"author":1,"featured_media":769,"comment_status":"open","ping_status":"open","sticky":false,"template":"","format":"standard","meta":{"footnotes":""},"categories":[4,43],"tags":[8,45],"class_list":["post-764","post","type-post","status-publish","format-standard","has-post-thumbnail","hentry","category-hochzeit","category-hochzeitsreportage","tag-hochzeit","tag-hochzeitsreportage"],"_links":{"self":[{"href":"https:\/\/photography.scheiker.de\/index.php?rest_route=\/wp\/v2\/posts\/764","targetHints":{"allow":["GET"]}}],"collection":[{"href":"https:\/\/photography.scheiker.de\/index.php?rest_route=\/wp\/v2\/posts"}],"about":[{"href":"https:\/\/photography.scheiker.de\/index.php?rest_route=\/wp\/v2\/types\/post"}],"author":[{"embeddable":true,"href":"https:\/\/photography.scheiker.de\/index.php?rest_route=\/wp\/v2\/users\/1"}],"replies":[{"embeddable":true,"href":"https:\/\/photography.scheiker.de\/index.php?rest_route=%2Fwp%2Fv2%2Fcomments&post=764"}],"version-history":[{"count":6,"href":"https:\/\/photography.scheiker.de\/index.php?rest_route=\/wp\/v2\/posts\/764\/revisions"}],"predecessor-version":[{"id":781,"href":"https:\/\/photography.scheiker.de\/index.php?rest_route=\/wp\/v2\/posts\/764\/revisions\/781"}],"wp:featuredmedia":[{"embeddable":true,"href":"https:\/\/photography.scheiker.de\/index.php?rest_route=\/wp\/v2\/media\/769"}],"wp:attachment":[{"href":"https:\/\/photography.scheiker.de\/index.php?rest_route=%2Fwp%2Fv2%2Fmedia&parent=764"}],"wp:term":[{"taxonomy":"category","embeddable":true,"href":"https:\/\/photography.scheiker.de\/index.php?rest_route=%2Fwp%2Fv2%2Fcategories&post=764"},{"taxonomy":"post_tag","embeddable":true,"href":"https:\/\/photography.scheiker.de\/index.php?rest_route=%2Fwp%2Fv2%2Ftags&post=764"}],"curies":[{"name":"wp","href":"https:\/\/api.w.org\/{rel}","templated":true}]}}